{"id":3255,"date":"2025-03-11T21:39:04","date_gmt":"2025-03-11T20:39:04","guid":{"rendered":"https:\/\/www.moulins-badvilbel.de\/?p=3255"},"modified":"2025-03-11T21:39:04","modified_gmt":"2025-03-11T20:39:04","slug":"das-war-der-neujahrsempfang-im-januar","status":"publish","type":"post","link":"https:\/\/www.moulins-badvilbel.de\/?p=3255","title":{"rendered":"Das war der Neujahrsempfang im Januar"},"content":{"rendered":"<p>Beim Neujahrsempfang am 28.01.2025 herrschte eine sch\u00f6ne Stimmung mit<br \/>\nanregenden Gespr\u00e4chen in kleinen Gruppen. Das Angebot an Getr\u00e4nken und<br \/>\nSchnittchen wurde dankbar angenommen. Der Abend war gut besucht. Die Besucher<br \/>\nw\u00fcnschten sich eine Fortsetzung im kommenden Jahr.<\/p>\n<p><a href=\"https:\/\/www.moulins-badvilbel.de\/?attachment_id=3257\" rel=\"attachment wp-att-3257\"><img fetchpriority=\"high\" decoding=\"async\" data-attachment-id=\"3257\" data-permalink=\"https:\/\/www.moulins-badvilbel.de\/?attachment_id=3257\" data-orig-file=\"https:\/\/www.moulins-badvilbel.de\/wp-content\/uploads\/2025\/03\/5E0FE77B-4FF8-4B90-A7DD-9A9FA3EBC3D0_1_105_c.jpeg\" data-orig-size=\"1024,768\" data-comments-opened=\"0\" data-image-meta=\"{&quot;aperture&quot;:&quot;1.78&quot;,&quot;credit&quot;:&quot;&quot;,&quot;camera&quot;:&quot;iPhone 14 Pro&quot;,&quot;caption&quot;:&quot;&quot;,&quot;created_timestamp&quot;:&quot;1738093926&quot;,&quot;copyright&quot;:&quot;&quot;,&quot;focal_length&quot;:&quot;6.86&quot;,&quot;iso&quot;:&quot;640&quot;,&quot;shutter_speed&quot;:&quot;0.03030303030303&quot;,&quot;title&quot;:&quot;&quot;,&quot;orientation&quot;:&quot;1&quot;}\" data-image-title=\"5E0FE77B-4FF8-4B90-A7DD-9A9FA3EBC3D0_1_105_c\" data-image-description=\"\" data-image-caption=\"\" data-medium-file=\"https:\/\/www.moulins-badvilbel.de\/wp-content\/uploads\/2025\/03\/5E0FE77B-4FF8-4B90-A7DD-9A9FA3EBC3D0_1_105_c-300x225.jpeg\" data-large-file=\"https:\/\/www.moulins-badvilbel.de\/wp-content\/uploads\/2025\/03\/5E0FE77B-4FF8-4B90-A7DD-9A9FA3EBC3D0_1_105_c.jpeg\" class=\"alignnone size-full wp-image-3257\" src=\"https:\/\/www.moulins-badvilbel.de\/wp-content\/uploads\/2025\/03\/5E0FE77B-4FF8-4B90-A7DD-9A9FA3EBC3D0_1_105_c.jpeg\" alt=\"\" width=\"1024\" height=\"768\" srcset=\"https:\/\/www.moulins-badvilbel.de\/wp-content\/uploads\/2025\/03\/5E0FE77B-4FF8-4B90-A7DD-9A9FA3EBC3D0_1_105_c.jpeg 1024w, https:\/\/www.moulins-badvilbel.de\/wp-content\/uploads\/2025\/03\/5E0FE77B-4FF8-4B90-A7DD-9A9FA3EBC3D0_1_105_c-300x225.jpeg 300w, https:\/\/www.moulins-badvilbel.de\/wp-content\/uploads\/2025\/03\/5E0FE77B-4FF8-4B90-A7DD-9A9FA3EBC3D0_1_105_c-768x576.jpeg 768w\" sizes=\"(max-width: 1024px) 100vw, 1024px\" \/><\/a><\/p>\n","protected":false},"excerpt":{"rendered":"<p>Beim Neujahrsempfang am 28.01.2025 herrschte eine sch\u00f6ne Stimmung mit anregenden Gespr\u00e4chen in kleinen Gruppen. Das Angebot an Getr\u00e4nken und Schnittchen wurde dankbar angenommen. Der Abend war gut besucht. Die Besucher w\u00fcnschten sich eine Fortsetzung im kommenden Jahr.<\/p>\n","protected":false},"author":1,"featured_media":3256,"comment_status":"closed","ping_status":"closed","sticky":false,"template":"","format":"standard","meta":{"ngg_post_thumbnail":0,"_jetpack_newsletter_access":"","_jetpack_dont_email_post_to_subs":false,"_jetpack_newsletter_tier_id":0,"_jetpack_memberships_contains_paywalled_content":false,"_jetpack_memberships_contains_paid_content":false,"footnotes":""},"categories":[1],"tags":[],"class_list":["post-3255","post","type-post","status-publish","format-standard","has-post-thumbnail","hentry","category-allgemein"],"jetpack_featured_media_url":"https:\/\/www.moulins-badvilbel.de\/wp-content\/uploads\/2025\/03\/7D2568E2-C87C-4303-8638-A0EF8024F090_1_105_c.jpeg","jetpack_shortlink":"https:\/\/wp.me\/p2eGg5-Qv","jetpack_sharing_enabled":true,"publishpress_future_action":{"enabled":false,"date":"2026-05-08 03:13:27","action":"change-status","newStatus":"draft","terms":[],"taxonomy":"category","extraData":[]},"publishpress_future_workflow_manual_trigger":{"enabledWorkflows":[]},"_links":{"self":[{"href":"https:\/\/www.moulins-badvilbel.de\/index.php?rest_route=\/wp\/v2\/posts\/3255","targetHints":{"allow":["GET"]}}],"collection":[{"href":"https:\/\/www.moulins-badvilbel.de\/index.php?rest_route=\/wp\/v2\/posts"}],"about":[{"href":"https:\/\/www.moulins-badvilbel.de\/index.php?rest_route=\/wp\/v2\/types\/post"}],"author":[{"embeddable":true,"href":"https:\/\/www.moulins-badvilbel.de\/index.php?rest_route=\/wp\/v2\/users\/1"}],"replies":[{"embeddable":true,"href":"https:\/\/www.moulins-badvilbel.de\/index.php?rest_route=%2Fwp%2Fv2%2Fcomments&post=3255"}],"version-history":[{"count":1,"href":"https:\/\/www.moulins-badvilbel.de\/index.php?rest_route=\/wp\/v2\/posts\/3255\/revisions"}],"predecessor-version":[{"id":3258,"href":"https:\/\/www.moulins-badvilbel.de\/index.php?rest_route=\/wp\/v2\/posts\/3255\/revisions\/3258"}],"wp:featuredmedia":[{"embeddable":true,"href":"https:\/\/www.moulins-badvilbel.de\/index.php?rest_route=\/wp\/v2\/media\/3256"}],"wp:attachment":[{"href":"https:\/\/www.moulins-badvilbel.de\/index.php?rest_route=%2Fwp%2Fv2%2Fmedia&parent=3255"}],"wp:term":[{"taxonomy":"category","embeddable":true,"href":"https:\/\/www.moulins-badvilbel.de\/index.php?rest_route=%2Fwp%2Fv2%2Fcategories&post=3255"},{"taxonomy":"post_tag","embeddable":true,"href":"https:\/\/www.moulins-badvilbel.de\/index.php?rest_route=%2Fwp%2Fv2%2Ftags&post=3255"}],"curies":[{"name":"wp","href":"https:\/\/api.w.org\/{rel}","templated":true}]}}