{"id":3123,"date":"2023-07-28T21:33:34","date_gmt":"2023-07-28T20:33:34","guid":{"rendered":"https:\/\/www.moulins-badvilbel.de\/?p=3123"},"modified":"2023-07-28T21:33:34","modified_gmt":"2023-07-28T20:33:34","slug":"susanne-kreuzer-und-petra-zietzer-erhalten-die-ehrennadel-in-gold-der-stadt-bad-vilbel","status":"publish","type":"post","link":"https:\/\/www.moulins-badvilbel.de\/?p=3123","title":{"rendered":"Susanne Kreuzer und Petra Zietzer erhalten die Ehrennadel in Gold der Stadt Bad Vilbel"},"content":{"rendered":"<p>Hier ist die offizielle Pressemitteiling der Stadt Bad Vilbel:<\/p>\n<p class=\"ydp4b0ab2a3yiv2144565083MsoNormal\"><b>Den Gedanken der europ\u00e4ischen Integration mit Leben gef\u00fcllt<\/b><\/p>\n<p class=\"ydp4b0ab2a3yiv2144565083MsoNormal\"><b>Susanne Kreuzer und Petra Zietzer erhalten die Ehrennadel in Gold der Stadt Bad Vilbel<\/b><b><\/b><\/p>\n<p class=\"ydp4b0ab2a3yiv2144565083MsoNormal\">\n<p class=\"ydp4b0ab2a3yiv2144565083MsoNormal\">Es gibt viele Menschen, die \u00fcber die europ\u00e4ische Integration oder \u00fcber V\u00f6lkerverst\u00e4ndigung reden. Und es gibt Menschen, die diese Ideale mit Leben f\u00fcllen und sie aktiv gestalten. Zwei Menschen dieses Schlags sind Susanne Kreuzer und Petra Zietzer. Beide sind seit langen Jahren im Partnerschaftsverein Moulins-Bad Vilbel e.V. aktiv, standen oder stehen diesem vor und engagieren sich f\u00fcr die St\u00e4dtepartnerschaft nach Frankreich. F\u00fcr ihr langj\u00e4hriges Engagement haben beide nun die Ehrennadel der Stadt Bad Vilbel in Gold erhalten.<\/p>\n<p class=\"ydp4b0ab2a3yiv2144565083MsoNormal\">\n<p class=\"ydp4b0ab2a3yiv2144565083MsoNormal\">\u201eEs ist keineswegs selbstverst\u00e4ndlich, dass sich Menschen f\u00fcr andere oder das Gemeinwohl engagieren. Auch wenn es erfreulicherweise gar nicht wenige sind, die so handeln, ist ihr Tun doch schlichtweg als vorbildlich zu bezeichnen. Bei Susanne Kreuzer und Petra Zietzer gilt dieses Engagement f\u00fcr das Gemeinwohl sogar \u00fcber die Stadt- und Landesgrenzen hinaus und daher freue ich mich sehr, dass der Magistrat der Stadt Bad Vilbel den Beschluss gefasst hat, beide mit der Ehrennadel in Gold auszuzeichnen\u201c, erkl\u00e4rte B\u00fcrgermeister Sebastian Wysocki bei der Verleihung der Ehrennadeln.<\/p>\n<p class=\"ydp4b0ab2a3yiv2144565083MsoNormal\">\n<p class=\"ydp4b0ab2a3yiv2144565083MsoNormal\">Petra Zietzer war von 1997 bis 2001 als stellvertretende Vorsitzende, anschlie\u00dfend von 2001 bis 2005 als Vorsitzende und seitdem bis heute als Beisitzerin im Vorstand des Partnerschaftsvereins aktiv. Susanne Kreuzer ist seit 2005 Vorsitzende des Vereins und war zuvor bereits Beisitzerin. Beide k\u00f6nnen also auf \u00fcber 20 Jahre Ehrenamt f\u00fcr die St\u00e4dtepartnerschaft zur\u00fcckblicken. \u201eSusanne Kreuzer und Petra Zietzer haben damit einen erheblichen Anteil an dieser so aktiven Partnerschaft und an dem stetigen kulturellen Austausch. Dieser bereichert nicht nur die Mitglieder des Partnerschaftsvereins in Bad Vilbel und des Pendants in Moulins, sondern auch unsere Stadt und alle B\u00fcrgerinnen und B\u00fcrger. Hierf\u00fcr gilt ihnen mein pers\u00f6nlicher Dank, aber auch der Dank aller Bad Vilbelerinnen und Bad Vilbeler\u201c, f\u00fchrte Wysocki weiter aus.<\/p>\n<p class=\"ydp4b0ab2a3yiv2144565083MsoNormal\">\n<p class=\"ydp4b0ab2a3yiv2144565083MsoNormal\">Ob es die Organisation der Austauschfahrten und gegenseitigen Besuche ist oder ob es um Feste und Feierlichkeiten des Vereins oder der Beteiligung des Vereins an Veranstaltungen und Empf\u00e4ngen in Bad Vilbel, all das geh\u00f6rt seit \u00fcber 20 Jahren zur Agenda der nun Geehrten. Dar\u00fcber hinaus pflegen sie auch im Alltag die Beziehungen nach Moulins und f\u00fcllen somit den kulturellen Austausch mit Leben.<\/p>\n<p class=\"ydp4b0ab2a3yiv2144565083MsoNormal\">\n<p class=\"ydp4b0ab2a3yiv2144565083MsoNormal\">\u201eWir freuen uns wirklich sehr \u00fcber diese Ehrung und sind ger\u00fchrt. Es ist eine gro\u00dfe Ehre, dass uns die Stadt Bad Vilbel mit dieser Auszeichnung ein solches Dankesch\u00f6n zu Teil werden l\u00e4sst. Unsere Arbeit im Verein ist f\u00fcr uns eine Herzensangelegenheit auch und gerade, weil wir durch diese Arbeit Freundschaften in Moulins kn\u00fcpfen konnten, die seit Jahren bestehen und fortdauern\u201c, beschreiben Susanne Kreuzer und Petra Zietzer ihren Dank f\u00fcr die Ehrung.<\/p>\n<p class=\"ydp4b0ab2a3yiv2144565083MsoNormal\"><a href=\"https:\/\/www.moulins-badvilbel.de\/?attachment_id=3124\" rel=\"attachment wp-att-3124\"><img fetchpriority=\"high\" decoding=\"async\" data-attachment-id=\"3124\" data-permalink=\"https:\/\/www.moulins-badvilbel.de\/?attachment_id=3124\" data-orig-file=\"https:\/\/www.moulins-badvilbel.de\/wp-content\/uploads\/2023\/07\/2023-06-22-Goldene-Ehrennadel-Susanne-Kreuzer-und-Petra-Zietzer-scaled.jpg\" data-orig-size=\"2560,2163\" data-comments-opened=\"0\" data-image-meta=\"{&quot;aperture&quot;:&quot;0&quot;,&quot;credit&quot;:&quot;&quot;,&quot;camera&quot;:&quot;&quot;,&quot;caption&quot;:&quot;&quot;,&quot;created_timestamp&quot;:&quot;0&quot;,&quot;copyright&quot;:&quot;&quot;,&quot;focal_length&quot;:&quot;0&quot;,&quot;iso&quot;:&quot;0&quot;,&quot;shutter_speed&quot;:&quot;0&quot;,&quot;title&quot;:&quot;&quot;,&quot;orientation&quot;:&quot;0&quot;}\" data-image-title=\"2023-06-22 Goldene Ehrennadel Susanne Kreuzer und Petra Zietzer\" data-image-description=\"\" data-image-caption=\"\" data-medium-file=\"https:\/\/www.moulins-badvilbel.de\/wp-content\/uploads\/2023\/07\/2023-06-22-Goldene-Ehrennadel-Susanne-Kreuzer-und-Petra-Zietzer-300x253.jpg\" data-large-file=\"https:\/\/www.moulins-badvilbel.de\/wp-content\/uploads\/2023\/07\/2023-06-22-Goldene-Ehrennadel-Susanne-Kreuzer-und-Petra-Zietzer-1024x865.jpg\" class=\"alignnone size-full wp-image-3124\" src=\"https:\/\/www.moulins-badvilbel.de\/wp-content\/uploads\/2023\/07\/2023-06-22-Goldene-Ehrennadel-Susanne-Kreuzer-und-Petra-Zietzer-scaled.jpg\" alt=\"\" width=\"2560\" height=\"2163\" srcset=\"https:\/\/www.moulins-badvilbel.de\/wp-content\/uploads\/2023\/07\/2023-06-22-Goldene-Ehrennadel-Susanne-Kreuzer-und-Petra-Zietzer-scaled.jpg 2560w, https:\/\/www.moulins-badvilbel.de\/wp-content\/uploads\/2023\/07\/2023-06-22-Goldene-Ehrennadel-Susanne-Kreuzer-und-Petra-Zietzer-300x253.jpg 300w, https:\/\/www.moulins-badvilbel.de\/wp-content\/uploads\/2023\/07\/2023-06-22-Goldene-Ehrennadel-Susanne-Kreuzer-und-Petra-Zietzer-1024x865.jpg 1024w, https:\/\/www.moulins-badvilbel.de\/wp-content\/uploads\/2023\/07\/2023-06-22-Goldene-Ehrennadel-Susanne-Kreuzer-und-Petra-Zietzer-768x649.jpg 768w, https:\/\/www.moulins-badvilbel.de\/wp-content\/uploads\/2023\/07\/2023-06-22-Goldene-Ehrennadel-Susanne-Kreuzer-und-Petra-Zietzer-1536x1298.jpg 1536w, https:\/\/www.moulins-badvilbel.de\/wp-content\/uploads\/2023\/07\/2023-06-22-Goldene-Ehrennadel-Susanne-Kreuzer-und-Petra-Zietzer-2048x1730.jpg 2048w\" sizes=\"(max-width: 2560px) 100vw, 2560px\" \/><\/a><\/p>\n<p class=\"ydp4b0ab2a3yiv2144565083MsoNormal\"><i>Vor der k\u00fcnstlerisch gestalteten Flasche zur Ehren der Patenschaft freuen sich Susanne Kreuzer und Petra Zietzer gemeinsam mit Denise Fresse (Vorsitzende des Comit\u00e9 de Jumelage in Moulins), B\u00fcrgermeister Sebastian Wysocki, Ehrenb\u00fcrgermeister Dr. Thomas St\u00f6hr, Ehrenb\u00fcrger G\u00fcnther Hinkel und Thomas Friesenhahn \u00fcber die Ehrung.<\/i><\/p>\n<p class=\"ydp4b0ab2a3yiv2144565083MsoNormal\">\n","protected":false},"excerpt":{"rendered":"<p>Hier ist die offizielle Pressemitteiling der Stadt Bad Vilbel: Den Gedanken der europ\u00e4ischen Integration mit Leben gef\u00fcllt Susanne Kreuzer und Petra Zietzer erhalten die Ehrennadel in Gold der Stadt Bad Vilbel Es gibt viele Menschen, die \u00fcber die europ\u00e4ische Integration oder \u00fcber V\u00f6lkerverst\u00e4ndigung reden. Und es gibt Menschen, die diese Ideale mit Leben f\u00fcllen und [&hellip;]<\/p>\n","protected":false},"author":1,"featured_media":2035,"comment_status":"closed","ping_status":"closed","sticky":false,"template":"","format":"standard","meta":{"ngg_post_thumbnail":0,"_jetpack_newsletter_access":"","_jetpack_dont_email_post_to_subs":false,"_jetpack_newsletter_tier_id":0,"_jetpack_memberships_contains_paywalled_content":false,"_jetpack_memberships_contains_paid_content":false,"footnotes":""},"categories":[1],"tags":[],"class_list":["post-3123","post","type-post","status-publish","format-standard","has-post-thumbnail","hentry","category-allgemein"],"jetpack_featured_media_url":"https:\/\/www.moulins-badvilbel.de\/wp-content\/uploads\/2015\/05\/DSCN71391.jpg","jetpack_shortlink":"https:\/\/wp.me\/p2eGg5-On","jetpack_sharing_enabled":true,"publishpress_future_action":{"enabled":false,"date":"2026-05-06 17:55:20","action":"change-status","newStatus":"draft","terms":[],"taxonomy":"category","extraData":[]},"publishpress_future_workflow_manual_trigger":{"enabledWorkflows":[]},"_links":{"self":[{"href":"https:\/\/www.moulins-badvilbel.de\/index.php?rest_route=\/wp\/v2\/posts\/3123","targetHints":{"allow":["GET"]}}],"collection":[{"href":"https:\/\/www.moulins-badvilbel.de\/index.php?rest_route=\/wp\/v2\/posts"}],"about":[{"href":"https:\/\/www.moulins-badvilbel.de\/index.php?rest_route=\/wp\/v2\/types\/post"}],"author":[{"embeddable":true,"href":"https:\/\/www.moulins-badvilbel.de\/index.php?rest_route=\/wp\/v2\/users\/1"}],"replies":[{"embeddable":true,"href":"https:\/\/www.moulins-badvilbel.de\/index.php?rest_route=%2Fwp%2Fv2%2Fcomments&post=3123"}],"version-history":[{"count":1,"href":"https:\/\/www.moulins-badvilbel.de\/index.php?rest_route=\/wp\/v2\/posts\/3123\/revisions"}],"predecessor-version":[{"id":3125,"href":"https:\/\/www.moulins-badvilbel.de\/index.php?rest_route=\/wp\/v2\/posts\/3123\/revisions\/3125"}],"wp:featuredmedia":[{"embeddable":true,"href":"https:\/\/www.moulins-badvilbel.de\/index.php?rest_route=\/wp\/v2\/media\/2035"}],"wp:attachment":[{"href":"https:\/\/www.moulins-badvilbel.de\/index.php?rest_route=%2Fwp%2Fv2%2Fmedia&parent=3123"}],"wp:term":[{"taxonomy":"category","embeddable":true,"href":"https:\/\/www.moulins-badvilbel.de\/index.php?rest_route=%2Fwp%2Fv2%2Fcategories&post=3123"},{"taxonomy":"post_tag","embeddable":true,"href":"https:\/\/www.moulins-badvilbel.de\/index.php?rest_route=%2Fwp%2Fv2%2Ftags&post=3123"}],"curies":[{"name":"wp","href":"https:\/\/api.w.org\/{rel}","templated":true}]}}